[{"@context":"https:\/\/schema.org\/","@type":"Article","@id":"https:\/\/www.ardos.sk\/modne-trendy-na-jar-2018\/#Article","mainEntityOfPage":"https:\/\/www.ardos.sk\/modne-trendy-na-jar-2018\/","headline":"M\u00f3dne trendy na jar 2018","name":"M\u00f3dne trendy na jar 2018","description":"Ur\u010dite sa ka\u017ed\u00fd z\u00a0n\u00e1s te\u0161\u00ed, \u017ee sa za\u010d\u00edna otep\u013eova\u0165, dni sa za\u010d\u00ednaj\u00fa predl\u017eova\u0165 a\u00a0k\u00a0n\u00e1m prich\u00e1dza kr\u00e1sne ro\u010dn\u00e9 obdobie \u2013 jar. Kone\u010dne je tu \u010das, kedy m\u00f4\u017eeme odlo\u017ei\u0165 tepl\u00e9 kab\u00e1ty, \u0161\u00e1ly, \u010diapky a\u00a0rukavice a\u00a0m\u00f4\u017eeme sa obliec\u0165 do nie\u010doho \u013eah\u0161ieho. Tak ako ka\u017ed\u00fa sez\u00f3nu, m\u00f3da a trendy sa menia a\u00a0preto treba by\u0165 st\u00e1le v\u00a0obraze a\u00a0vedie\u0165, \u010do je [&hellip;]","datePublished":"2018-01-12","dateModified":"2023-04-26","author":{"@type":"Person","@id":"https:\/\/www.ardos.sk\/author\/#Person","name":"","url":"https:\/\/www.ardos.sk\/author\/","identifier":1,"image":{"@type":"ImageObject","@id":"https:\/\/secure.gravatar.com\/avatar\/020fed30ca967737eb0c640f241d660d0f18cb15fe876f045fbf23eb8510c133?s=96&d=mm&r=g","url":"https:\/\/secure.gravatar.com\/avatar\/020fed30ca967737eb0c640f241d660d0f18cb15fe876f045fbf23eb8510c133?s=96&d=mm&r=g","height":96,"width":96}},"publisher":{"@type":"Organization","name":"ardos.sk","logo":{"@type":"ImageObject","@id":"\/logo.png","url":"\/logo.png","width":600,"height":60}},"image":{"@type":"ImageObject","@id":"https:\/\/www.ardos.sk\/wp-content\/uploads\/img_a285712_w16510_t1520879315.jpg","url":"https:\/\/www.ardos.sk\/wp-content\/uploads\/img_a285712_w16510_t1520879315.jpg","height":0,"width":0},"url":"https:\/\/www.ardos.sk\/modne-trendy-na-jar-2018\/","wordCount":394,"articleBody":"Ur\u010dite sa ka\u017ed\u00fd z\u00a0n\u00e1s te\u0161\u00ed, \u017ee sa za\u010d\u00edna otep\u013eova\u0165, dni sa za\u010d\u00ednaj\u00fa predl\u017eova\u0165 a\u00a0k\u00a0n\u00e1m prich\u00e1dza kr\u00e1sne ro\u010dn\u00e9 obdobie \u2013 jar. Kone\u010dne je tu \u010das, kedy m\u00f4\u017eeme odlo\u017ei\u0165 tepl\u00e9 kab\u00e1ty, \u0161\u00e1ly, \u010diapky a\u00a0rukavice a\u00a0m\u00f4\u017eeme sa obliec\u0165 do nie\u010doho \u013eah\u0161ieho. Tak ako ka\u017ed\u00fa sez\u00f3nu, m\u00f3da a trendy sa menia a\u00a0preto treba by\u0165 st\u00e1le v\u00a0obraze a\u00a0vedie\u0165, \u010do je pr\u00e1ve trendy. \u010co sa teda bude nosi\u0165 t\u00fato jar?Farby, ktor\u00e9 ovl\u00e1dnu t\u00fato jarPlat\u00ed, \u017ee s\u00a0prich\u00e1dzaj\u00facim teplom\u00a0 m\u00e1me chu\u0165 sa oblieka\u0165 do st\u00e1le viac farebn\u00fdch outfitov, nako\u013eko v\u00a0zimnom obdob\u00ed m\u00e1me tendenciu oblieka\u0165 sa do tmav\u0161\u00edch farieb. Inak tomu nebude ani t\u00fato jar, nako\u013eko tejto jari bud\u00fa vl\u00e1dnu\u0165 jasn\u00e9 a\u00a0vesel\u00e9 farby. Jedna z\u00a0farieb, ktor\u00e1 bude vl\u00e1dnu\u0165 tejto jari je oran\u017eov\u00e1 farba, pri\u010dom sa upriamujte sk\u00f4r na bled\u0161ie odtiene oran\u017eovej. Nosi\u0165 sa bude tie\u017e tmavo fialov\u00e1, ktor\u00fa m\u00f4\u017eete k\u013eudne skombinova\u0165 s\u00a0bledo oran\u017eovou alebo \u017eltou a\u00a0t\u00fdm vytvori\u0165 zauj\u00edmav\u00fd farebn\u00fd kontrast. Okrem tmavofialovej bude tejto jari vl\u00e1dnu\u0165 aj ne\u017en\u00e1 bledofialov\u00e1, v\u00fdrazn\u00e1 \u017elt\u00e1, tyrkysov\u00e1 a\u00a0jasn\u00e1 \u010derven\u00e1.StrapceStrapce boli trendy u\u017e aj v\u00a0minul\u00fdch sez\u00f3nach a\u00a0t\u00fato jar sa bud\u00fa zase vraca\u0165. Mnoh\u00ed m\u00f3dni n\u00e1vrh\u00e1ri ich predstavili vo svojich kolekci\u00e1ch, m\u00f4\u017eete nosi\u0165 strapcov\u00e9 detaily na kabelk\u00e1ch, top\u00e1nkach alebo oble\u010den\u00ed, alebo tie\u017e ve\u013emi modern\u00fdm k\u00faskom bud\u00fa strapcov\u00e9 \u0161aty.Pon\u010doZauj\u00edmav\u00fdm k\u00faskom odevu, ktor\u00fd by nemal ch\u00fdba\u0165 vo va\u0161om \u0161atn\u00edku na t\u00fato jar je aj pon\u010do. V\u00fdborne v\u00e1s zahreje po\u010das chladnej\u0161\u00edch jarn\u00fdch dn\u00ed a\u00a0budete navy\u0161e ve\u013emi \u0161t\u00fdlov\u00e1. Vyberajte si sk\u00f4r elegantnej\u0161ie k\u00fasky, lebo pr\u00e1ve tie bud\u00fa t\u00fato sez\u00f3nu trendy. Skombinujte ich s\u00a0lodi\u010dkami a\u00a0vytvor\u00edte si tak jednoduch\u00fd, ale z\u00e1rove\u0148 zauj\u00edmav\u00fd outfit.Bl\u00fazkyPre milovn\u00ed\u010dky bl\u00fazok je tu dobr\u00e1 spr\u00e1va, nako\u013eko aj v\u00a0tejto sez\u00f3ne bud\u00fa mimoriadne trendy. Vyberajte kvalitn\u00e9 materi\u00e1ly, jemn\u00e9 farebn\u00e9 prevedenia so zauj\u00edmav\u00fdmi detailmi.\u00a0                                                                                                                                                                                                                                                                                                                                                                                        4.3\/5 - (7 votes)        "},{"@context":"https:\/\/schema.org\/","@type":"BreadcrumbList","itemListElement":[{"@type":"ListItem","position":1,"name":"M\u00f3dne trendy na jar 2018","item":"https:\/\/www.ardos.sk\/modne-trendy-na-jar-2018\/#breadcrumbitem"}]}]